{"id":143859,"date":"2022-04-15T17:49:55","date_gmt":"2022-04-15T12:19:55","guid":{"rendered":"https:\/\/newsmakhani.com\/?p=143859"},"modified":"2022-04-15T17:49:55","modified_gmt":"2022-04-15T12:19:55","slug":"phone-call-between-prime-minister-shri-narendra-modi-and-h-e-nguyen-phu-trong-general-secretary-of-the-communist-party-of-vietnam","status":"publish","type":"post","link":"https:\/\/newsnarad.com\/pa\/phone-call-between-prime-minister-shri-narendra-modi-and-h-e-nguyen-phu-trong-general-secretary-of-the-communist-party-of-vietnam\/","title":{"rendered":"Phone call between Prime Minister Shri Narendra Modi and H. E. Nguyen Phu Trong, General Secretary of the Communist Party of Vietnam"},"content":{"rendered":"<p class=\"qtranxs-available-languages-message qtranxs-available-languages-message-pa\">\u0a2e\u0a3e\u0a2b\u0a3c \u0a15\u0a30\u0a28\u0a3e, \u0a07\u0a39 \u0a16\u0a2c\u0a30 \u0a24\u0a41\u0a39\u0a3e\u0a21\u0a40 \u0a2c\u0a47\u0a28\u0a24\u0a40 \u0a2d\u0a3e\u0a38\u0a3c\u0a3e \u0a35\u0a3f\u0a71\u0a1a \u0a09\u0a2a\u0a32\u0a2c\u0a27 \u0a28\u0a39\u0a40\u0a02 \u0a39\u0a48\u0964 <a href=\"https:\/\/newsmakhani.com\/en\/\">\u0a15\u0a3f\u0a30\u0a2a\u0a3e \u0a15\u0a30\u0a15\u0a47 \u0a07\u0a71\u0a25\u0a47 \u0a26\u0a47\u0a16\u0a4b\u0964<\/a><\/p><p><\/p>\n<div class=\"text-center\">\n<h2><span style=\"color: #444444; font-size: 16px;\">DELHI\u00a0 : 15 APR 2022\u00a0<\/span><\/h2>\n<\/div>\n<p>Prime Minister Shri Narendra Modi had a phone call today with His Excellency Nguyen Phu Trong, General Secretary of the Communist Party of Vietnam.<\/p>\n<p>The two leaders complimented each other on the 50th anniversary of the establishment of diplomatic relations between India and Vietnam being celebrated this year. They expressed satisfaction over the rapid pace of wide-ranging cooperation under the India-Vietnam Comprehensive Strategic Partnership which was established during the Prime Minister\u2019s visit to Vietnam in 2016.<\/p>\n<p>The Prime Minister reiterated Vietnam\u2019s importance as an important pillar of India\u2019s Act East Policy and Indo-Pacific Vision, and sought to enhance the scope of the bilateral relationship, besides working for expeditious progress on existing initiatives.<\/p>\n<p>The Prime Minister also requested for greater facilitation of market access for India\u2019s pharma and agri-products in Vietnam.<\/p>\n<p>The Prime Minister highlighted the historical and civilization links between the two countries and expressed his happiness in India\u2019s involvement in restoration of Cham monuments in Vietnam.<\/p>\n<p>The leaders agreed to enhance defence partnership between the two countries.<\/p>\n<p>They also exchanged views on regional and global issues of shared interest, including the ongoing crisis in Ukraine and the situation in South China Sea.<\/p>\n<p>&nbsp;<\/p>\n<h3 class=\"entry-title\"><a href=\"https:\/\/newsmakhani.com\/pms-message-on-himachal-day\/\" rel=\"bookmark\">READ\u00a0 MORE\u00a0 :-\u00a0 PM\u2019s message on Himachal Day<\/a><\/h3>\n<p>\u00d7\u00d7\u00d7\u00d7\u00d7<\/p>","protected":false},"excerpt":{"rendered":"<p>\u0a2e\u0a3e\u0a2b\u0a3c \u0a15\u0a30\u0a28\u0a3e, \u0a07\u0a39 \u0a16\u0a2c\u0a30 \u0a24\u0a41\u0a39\u0a3e\u0a21\u0a40 \u0a2c\u0a47\u0a28\u0a24\u0a40 \u0a2d\u0a3e\u0a38\u0a3c\u0a3e \u0a35\u0a3f\u0a71\u0a1a \u0a09\u0a2a\u0a32\u0a2c\u0a27 \u0a28\u0a39\u0a40\u0a02 \u0a39\u0a48\u0964 \u0a15\u0a3f\u0a30\u0a2a\u0a3e \u0a15\u0a30\u0a15\u0a47 \u0a07\u0a71\u0a25\u0a47 \u0a26\u0a47\u0a16\u0a4b\u0964 DELHI\u00a0 : 15 APR 2022\u00a0 Prime Minister Shri Narendra Modi had a phone call today with His Excellency Nguyen Phu Trong, General Secretary of the Communist Party of Vietnam. The two leaders complimented each other on the 50th anniversary of [&hellip;]<\/p>\n","protected":false},"author":12,"featured_media":143865,"comment_status":"open","ping_status":"open","sticky":false,"template":"","format":"standard","meta":{"footnotes":""},"categories":[109,122],"tags":[56731,407,3441],"class_list":{"0":"post-143859","1":"post","2":"type-post","3":"status-publish","4":"format-standard","5":"has-post-thumbnail","7":"category-national","8":"category-news","9":"tag-news-makhani","10":"tag-pm-modi","11":"tag-prime-minister-shri-narendra-modi"},"aioseo_notices":[],"_links":{"self":[{"href":"https:\/\/newsnarad.com\/pa\/wp-json\/wp\/v2\/posts\/143859","targetHints":{"allow":["GET"]}}],"collection":[{"href":"https:\/\/newsnarad.com\/pa\/wp-json\/wp\/v2\/posts"}],"about":[{"href":"https:\/\/newsnarad.com\/pa\/wp-json\/wp\/v2\/types\/post"}],"author":[{"embeddable":true,"href":"https:\/\/newsnarad.com\/pa\/wp-json\/wp\/v2\/users\/12"}],"replies":[{"embeddable":true,"href":"https:\/\/newsnarad.com\/pa\/wp-json\/wp\/v2\/comments?post=143859"}],"version-history":[{"count":0,"href":"https:\/\/newsnarad.com\/pa\/wp-json\/wp\/v2\/posts\/143859\/revisions"}],"wp:featuredmedia":[{"embeddable":true,"href":"https:\/\/newsnarad.com\/pa\/wp-json\/wp\/v2\/media\/143865"}],"wp:attachment":[{"href":"https:\/\/newsnarad.com\/pa\/wp-json\/wp\/v2\/media?parent=143859"}],"wp:term":[{"taxonomy":"category","embeddable":true,"href":"https:\/\/newsnarad.com\/pa\/wp-json\/wp\/v2\/categories?post=143859"},{"taxonomy":"post_tag","embeddable":true,"href":"https:\/\/newsnarad.com\/pa\/wp-json\/wp\/v2\/tags?post=143859"}],"curies":[{"name":"wp","href":"https:\/\/api.w.org\/{rel}","templated":true}]}}